{"id":72108,"date":"2018-08-01T14:44:28","date_gmt":"2018-08-01T12:44:28","guid":{"rendered":"https:\/\/www.fanselanchalon.fr\/v3\/?p=72108"},"modified":"2018-08-01T14:44:28","modified_gmt":"2018-08-01T12:44:28","slug":"la-retrospective-2017-2018-quiz","status":"publish","type":"post","link":"https:\/\/www.fanselanchalon.fr\/v3\/archives\/72108","title":{"rendered":"La r\u00e9trospective 2017-2018 (Quiz)"},"content":{"rendered":"<p>La saison 2018-2019 approche \u00e0 grand pas&#8230; Nous sommes \u00e0 deux semaines de la rentr\u00e9e des classes pour la nouvelle \u00e9quipe de l&rsquo;Elan Chalon qui arborera un nouveau maillot et un nouveau logo.<\/p>\n<p>&nbsp;<\/p>\n<p>En attendant, voici un petit quiz pour tourner d\u00e9finitivement la page de la saison 2017-2018 o\u00f9 l&rsquo;Elan est pass\u00e9 en un an du rire aux (presque) larmes, avant de pousser un gros ouf de soulagement avec un maintien assur\u00e9 dans l&rsquo;\u00e9lite&#8230;<\/p>\n<p>&nbsp;<\/p>\n<p>Voici donc 10 questions \/ r\u00e9ponses, \u00e0 vous de jouer !<\/p>\n<p>&nbsp;<\/p>\n<div class = \"hdq_quiz_wrapper\"><a href = \"https:\/\/www.fanselanchalon.fr\/v3\/archives\/72108\" rel=\"noamphtml\" class = \"hdq_quiz_start hdq_button button\" role = \"button\">D\u00e9marrer le quiz<\/a><\/div>\n","protected":false},"excerpt":{"rendered":"<p>La saison 2018-2019 approche \u00e0 grand pas&#8230; Nous sommes \u00e0 deux semaines de la rentr\u00e9e des classes pour la nouvelle \u00e9quipe de l&rsquo;Elan Chalon qui arborera un nouveau maillot et&hellip; <\/p>\n","protected":false},"author":100,"featured_media":65846,"comment_status":"open","ping_status":"closed","sticky":false,"template":"","format":"standard","meta":{"two_page_speed":[],"footnotes":""},"categories":[29],"tags":[490,48,301],"class_list":["post-72108","post","type-post","status-publish","format-standard","has-post-thumbnail","hentry","category-quizz","tag-2017-2018","tag-quiz","tag-retrospective"],"featured_image_src":"https:\/\/www.fanselanchalon.fr\/v3\/wp-content\/uploads\/2017\/08\/20170814_181027.jpg","author_info":{"display_name":"Goof","author_link":"https:\/\/www.fanselanchalon.fr\/v3\/archives\/author\/goof71"},"_links":{"self":[{"href":"https:\/\/www.fanselanchalon.fr\/v3\/wp-json\/wp\/v2\/posts\/72108","targetHints":{"allow":["GET"]}}],"collection":[{"href":"https:\/\/www.fanselanchalon.fr\/v3\/wp-json\/wp\/v2\/posts"}],"about":[{"href":"https:\/\/www.fanselanchalon.fr\/v3\/wp-json\/wp\/v2\/types\/post"}],"author":[{"embeddable":true,"href":"https:\/\/www.fanselanchalon.fr\/v3\/wp-json\/wp\/v2\/users\/100"}],"replies":[{"embeddable":true,"href":"https:\/\/www.fanselanchalon.fr\/v3\/wp-json\/wp\/v2\/comments?post=72108"}],"version-history":[{"count":0,"href":"https:\/\/www.fanselanchalon.fr\/v3\/wp-json\/wp\/v2\/posts\/72108\/revisions"}],"wp:featuredmedia":[{"embeddable":true,"href":"https:\/\/www.fanselanchalon.fr\/v3\/wp-json\/wp\/v2\/media\/65846"}],"wp:attachment":[{"href":"https:\/\/www.fanselanchalon.fr\/v3\/wp-json\/wp\/v2\/media?parent=72108"}],"wp:term":[{"taxonomy":"category","embeddable":true,"href":"https:\/\/www.fanselanchalon.fr\/v3\/wp-json\/wp\/v2\/categories?post=72108"},{"taxonomy":"post_tag","embeddable":true,"href":"https:\/\/www.fanselanchalon.fr\/v3\/wp-json\/wp\/v2\/tags?post=72108"}],"curies":[{"name":"wp","href":"https:\/\/api.w.org\/{rel}","templated":true}]}}