{"id":57172,"date":"2017-04-19T12:15:40","date_gmt":"2017-04-19T10:15:40","guid":{"rendered":"http:\/\/www.fanselanchalon.fr\/v3\/?p=57172"},"modified":"2017-04-19T19:26:48","modified_gmt":"2017-04-19T17:26:48","slug":"lelan-chalon-jouera-aussi-la-finale-de-la-coupe-de-france","status":"publish","type":"post","link":"https:\/\/www.fanselanchalon.fr\/v3\/archives\/57172","title":{"rendered":"L&rsquo;Elan Chalon jouera aussi la finale de la Coupe de France !"},"content":{"rendered":"<p>Le saviez-vous ? L&rsquo;Elan Chalon disputera \u00e9galement la finale de la Coupe de France de basket ce week-end ! Les Cadets France (U17) rencontreront \u00e0 l&rsquo;AccorHotels Arena ce samedi \u00e0 14h30 l&rsquo;\u00e9quipe de Cholet, match \u00e0 suivre sur la <a href=\"http:\/\/www.dailymotion.com\/FFBB\">cha\u00eene Dailymotion de la FFBB<\/a>.<\/p>\n<p>Bonne chance \u00e0 nos jeunes ! Allez Math\u00e9o, Th\u00e9o, Babacar, Yan, Szymon, Williams, Yannick, Lucas, Tom, Antonin, Mohammad, Lennox, Gu\u00e9di, Claudien&#8230; Sans oublier l&rsquo;encadrement Jean-Paul et Earvin !<\/p>\n<p>L&rsquo;\u00e9quipe des cadets avant le d\u00e9part pour le tournoi international de Cholet la semaine derni\u00e8re (photo : Elan Chalon officiel) :<\/p>\n<p><a href=\"http:\/\/www.fanselanchalon.fr\/v3\/wp-content\/uploads\/2017\/04\/cadets.jpg\" data-rel=\"lightbox-image-0\" data-rl_title=\"\" data-rl_caption=\"\" title=\"\"><img loading=\"lazy\" decoding=\"async\" class=\"size-full wp-image-57174 aligncenter\" src=\"http:\/\/www.fanselanchalon.fr\/v3\/wp-content\/uploads\/2017\/04\/cadets.jpg\" alt=\"\" width=\"1200\" height=\"900\" srcset=\"https:\/\/www.fanselanchalon.fr\/v3\/wp-content\/uploads\/2017\/04\/cadets.jpg 1200w, https:\/\/www.fanselanchalon.fr\/v3\/wp-content\/uploads\/2017\/04\/cadets-300x225.jpg 300w, https:\/\/www.fanselanchalon.fr\/v3\/wp-content\/uploads\/2017\/04\/cadets-768x576.jpg 768w\" sizes=\"auto, (max-width: 1200px) 100vw, 1200px\" \/><\/a><\/p>\n<p>[AdSense-A]<\/p>\n","protected":false},"excerpt":{"rendered":"<p>Le saviez-vous ? L&rsquo;Elan Chalon disputera \u00e9galement la finale de la Coupe de France de basket ce week-end ! Les Cadets France (U17) rencontreront \u00e0 l&rsquo;AccorHotels Arena ce samedi \u00e0&hellip; <\/p>\n","protected":false},"author":100,"featured_media":57174,"comment_status":"open","ping_status":"closed","sticky":false,"template":"","format":"standard","meta":{"two_page_speed":[],"footnotes":""},"categories":[1],"tags":[406,480,219,410],"class_list":["post-57172","post","type-post","status-publish","format-standard","has-post-thumbnail","hentry","category-uncategorized","tag-406","tag-cadets","tag-cdf","tag-finale"],"featured_image_src":"https:\/\/www.fanselanchalon.fr\/v3\/wp-content\/uploads\/2017\/04\/cadets.jpg","author_info":{"display_name":"Goof","author_link":"https:\/\/www.fanselanchalon.fr\/v3\/archives\/author\/goof71"},"_links":{"self":[{"href":"https:\/\/www.fanselanchalon.fr\/v3\/wp-json\/wp\/v2\/posts\/57172","targetHints":{"allow":["GET"]}}],"collection":[{"href":"https:\/\/www.fanselanchalon.fr\/v3\/wp-json\/wp\/v2\/posts"}],"about":[{"href":"https:\/\/www.fanselanchalon.fr\/v3\/wp-json\/wp\/v2\/types\/post"}],"author":[{"embeddable":true,"href":"https:\/\/www.fanselanchalon.fr\/v3\/wp-json\/wp\/v2\/users\/100"}],"replies":[{"embeddable":true,"href":"https:\/\/www.fanselanchalon.fr\/v3\/wp-json\/wp\/v2\/comments?post=57172"}],"version-history":[{"count":0,"href":"https:\/\/www.fanselanchalon.fr\/v3\/wp-json\/wp\/v2\/posts\/57172\/revisions"}],"wp:featuredmedia":[{"embeddable":true,"href":"https:\/\/www.fanselanchalon.fr\/v3\/wp-json\/wp\/v2\/media\/57174"}],"wp:attachment":[{"href":"https:\/\/www.fanselanchalon.fr\/v3\/wp-json\/wp\/v2\/media?parent=57172"}],"wp:term":[{"taxonomy":"category","embeddable":true,"href":"https:\/\/www.fanselanchalon.fr\/v3\/wp-json\/wp\/v2\/categories?post=57172"},{"taxonomy":"post_tag","embeddable":true,"href":"https:\/\/www.fanselanchalon.fr\/v3\/wp-json\/wp\/v2\/tags?post=57172"}],"curies":[{"name":"wp","href":"https:\/\/api.w.org\/{rel}","templated":true}]}}