{"id":23227,"date":"2016-01-21T20:55:39","date_gmt":"2016-01-21T19:55:39","guid":{"rendered":"http:\/\/www.fanselanchalon.fr\/v3\/?p=23227"},"modified":"2016-01-21T20:58:17","modified_gmt":"2016-01-21T19:58:17","slug":"defaite-sur-le-fil-en-coupe","status":"publish","type":"post","link":"https:\/\/www.fanselanchalon.fr\/v3\/archives\/23227","title":{"rendered":"D\u00e9faite sur le fil en Coupe !"},"content":{"rendered":"<p>Au terme d&rsquo;une rencontre accroch\u00e9e, l&rsquo;Elan s&rsquo;incline \u00e0 Monaco 84 \u00e0 82. Menant pendant les 3 premiers quart temps, Monaco se faisait rattraper dans un dernier quart&#8230; irrespirable ! Un chass\u00e9 crois\u00e9 perp\u00e9tuel entre les 2 \u00e9quipes au cours duquel Tyler Kalinoski (16 points \u00e0 100%) confirmait sa forme du moment. Malheureusement l&rsquo;Elan laisse ce soir 8 points aux lancers. Des d\u00e9tails qui co\u00fbtent cher au final. Le bourreau de l&rsquo;Elan s&rsquo;appelle Shuler (26 points) qui n&rsquo;aura pas trembl\u00e9 sur la ligne de r\u00e9paration dans les derniers instants et auteur d&rsquo;un gros match avec notamment un 6\/7 \u00e0 3 points. La Coupe de France c&rsquo;est fini, \u00ab\u00a0rageant\u00a0\u00bb concluait le reporter du JSL sur place. Retour \u00e0 la maison et repos bien m\u00e9rit\u00e9 pour notre \u00e9quipe. Toutes les stats :<\/p>\n<p><a href=\"http:\/\/www.fanselanchalon.fr\/v3\/wp-content\/uploads\/2016\/01\/2016cdfmonac.png\" rel=\"attachment wp-att-23229\" data-rel=\"lightbox-image-0\" data-rl_title=\"\" data-rl_caption=\"\" title=\"\"><img loading=\"lazy\" decoding=\"async\" class=\"alignleft size-full wp-image-23229\" src=\"http:\/\/www.fanselanchalon.fr\/v3\/wp-content\/uploads\/2016\/01\/2016cdfmonac.png\" alt=\"2016cdfmonac\" width=\"698\" height=\"247\" srcset=\"https:\/\/www.fanselanchalon.fr\/v3\/wp-content\/uploads\/2016\/01\/2016cdfmonac.png 698w, https:\/\/www.fanselanchalon.fr\/v3\/wp-content\/uploads\/2016\/01\/2016cdfmonac-300x106.png 300w, https:\/\/www.fanselanchalon.fr\/v3\/wp-content\/uploads\/2016\/01\/2016cdfmonac-100x35.png 100w, https:\/\/www.fanselanchalon.fr\/v3\/wp-content\/uploads\/2016\/01\/2016cdfmonac-50x18.png 50w, https:\/\/www.fanselanchalon.fr\/v3\/wp-content\/uploads\/2016\/01\/2016cdfmonac-25x9.png 25w\" sizes=\"auto, (max-width: 698px) 100vw, 698px\" \/><\/a><\/p>\n","protected":false},"excerpt":{"rendered":"<p>Au terme d&rsquo;une rencontre accroch\u00e9e, l&rsquo;Elan s&rsquo;incline \u00e0 Monaco 84 \u00e0 82. Menant pendant les 3 premiers quart temps, Monaco se faisait rattraper dans un dernier quart&#8230; irrespirable ! Un&hellip; <\/p>\n","protected":false},"author":100,"featured_media":0,"comment_status":"open","ping_status":"closed","sticky":false,"template":"","format":"standard","meta":{"two_page_speed":[],"footnotes":""},"categories":[1],"tags":[196,225,57,182],"class_list":["post-23227","post","type-post","status-publish","format-standard","hentry","category-uncategorized","tag-196","tag-coupe-de-france","tag-defaite","tag-monaco"],"featured_image_src":null,"author_info":{"display_name":"Goof","author_link":"https:\/\/www.fanselanchalon.fr\/v3\/archives\/author\/goof71"},"_links":{"self":[{"href":"https:\/\/www.fanselanchalon.fr\/v3\/wp-json\/wp\/v2\/posts\/23227","targetHints":{"allow":["GET"]}}],"collection":[{"href":"https:\/\/www.fanselanchalon.fr\/v3\/wp-json\/wp\/v2\/posts"}],"about":[{"href":"https:\/\/www.fanselanchalon.fr\/v3\/wp-json\/wp\/v2\/types\/post"}],"author":[{"embeddable":true,"href":"https:\/\/www.fanselanchalon.fr\/v3\/wp-json\/wp\/v2\/users\/100"}],"replies":[{"embeddable":true,"href":"https:\/\/www.fanselanchalon.fr\/v3\/wp-json\/wp\/v2\/comments?post=23227"}],"version-history":[{"count":0,"href":"https:\/\/www.fanselanchalon.fr\/v3\/wp-json\/wp\/v2\/posts\/23227\/revisions"}],"wp:attachment":[{"href":"https:\/\/www.fanselanchalon.fr\/v3\/wp-json\/wp\/v2\/media?parent=23227"}],"wp:term":[{"taxonomy":"category","embeddable":true,"href":"https:\/\/www.fanselanchalon.fr\/v3\/wp-json\/wp\/v2\/categories?post=23227"},{"taxonomy":"post_tag","embeddable":true,"href":"https:\/\/www.fanselanchalon.fr\/v3\/wp-json\/wp\/v2\/tags?post=23227"}],"curies":[{"name":"wp","href":"https:\/\/api.w.org\/{rel}","templated":true}]}}