{"id":20424,"date":"2015-12-20T12:32:11","date_gmt":"2015-12-20T11:32:11","guid":{"rendered":"http:\/\/www.fanselanchalon.fr\/v3\/?p=20424"},"modified":"2015-12-20T12:32:11","modified_gmt":"2015-12-20T11:32:11","slug":"comme-un-ouragan","status":"publish","type":"post","link":"https:\/\/www.fanselanchalon.fr\/v3\/archives\/20424","title":{"rendered":"Comme un ouragan&#8230;"},"content":{"rendered":"<p>L&rsquo;Elan s&rsquo;est inclin\u00e9 hier soir sur le parquet de la Roca Team 95 \u00e0 71 ! Diminu\u00e9e par des p\u00e9pins physiques et apr\u00e8s de longues heures de bus, notre \u00e9quipe a fait illusion lors des premi\u00e8res minutes du match menant 9 \u00e0 2, avant de subir un 12-0 des mon\u00e9gasques, sans jamais ensuite pouvoir revenir. Les scores des 4 quarts temps ne laissent aucun doute, Monaco \u00e9tait plus fort hier :\u00a023-16, 22-19, 28-21, 22-15. La suite c&rsquo;est d\u00e9j\u00e0 mardi soir avec la r\u00e9ception de Ch\u00e2lons-Reims pour se remettre tout de suite sur de bons rails\u00a0! Toutes les stats :<\/p>\n<p><a href=\"http:\/\/www.fanselanchalon.fr\/v3\/wp-content\/uploads\/2015\/12\/2015monaco.png\" rel=\"attachment wp-att-20425\" data-rel=\"lightbox-image-0\" data-rl_title=\"\" data-rl_caption=\"\" title=\"\"><img loading=\"lazy\" decoding=\"async\" class=\"alignleft size-full wp-image-20425\" src=\"http:\/\/www.fanselanchalon.fr\/v3\/wp-content\/uploads\/2015\/12\/2015monaco.png\" alt=\"2015monaco\" width=\"693\" height=\"511\" srcset=\"https:\/\/www.fanselanchalon.fr\/v3\/wp-content\/uploads\/2015\/12\/2015monaco.png 693w, https:\/\/www.fanselanchalon.fr\/v3\/wp-content\/uploads\/2015\/12\/2015monaco-300x221.png 300w, https:\/\/www.fanselanchalon.fr\/v3\/wp-content\/uploads\/2015\/12\/2015monaco-100x74.png 100w, https:\/\/www.fanselanchalon.fr\/v3\/wp-content\/uploads\/2015\/12\/2015monaco-50x37.png 50w, https:\/\/www.fanselanchalon.fr\/v3\/wp-content\/uploads\/2015\/12\/2015monaco-25x18.png 25w\" sizes=\"auto, (max-width: 693px) 100vw, 693px\" \/><\/a><\/p>\n","protected":false},"excerpt":{"rendered":"<p>L&rsquo;Elan s&rsquo;est inclin\u00e9 hier soir sur le parquet de la Roca Team 95 \u00e0 71 ! Diminu\u00e9e par des p\u00e9pins physiques et apr\u00e8s de longues heures de bus, notre \u00e9quipe&hellip; <\/p>\n","protected":false},"author":100,"featured_media":0,"comment_status":"open","ping_status":"closed","sticky":false,"template":"","format":"standard","meta":{"two_page_speed":[],"footnotes":""},"categories":[1],"tags":[53,57,182],"class_list":["post-20424","post","type-post","status-publish","format-standard","hentry","category-uncategorized","tag-53","tag-defaite","tag-monaco"],"featured_image_src":null,"author_info":{"display_name":"Goof","author_link":"https:\/\/www.fanselanchalon.fr\/v3\/archives\/author\/goof71"},"_links":{"self":[{"href":"https:\/\/www.fanselanchalon.fr\/v3\/wp-json\/wp\/v2\/posts\/20424","targetHints":{"allow":["GET"]}}],"collection":[{"href":"https:\/\/www.fanselanchalon.fr\/v3\/wp-json\/wp\/v2\/posts"}],"about":[{"href":"https:\/\/www.fanselanchalon.fr\/v3\/wp-json\/wp\/v2\/types\/post"}],"author":[{"embeddable":true,"href":"https:\/\/www.fanselanchalon.fr\/v3\/wp-json\/wp\/v2\/users\/100"}],"replies":[{"embeddable":true,"href":"https:\/\/www.fanselanchalon.fr\/v3\/wp-json\/wp\/v2\/comments?post=20424"}],"version-history":[{"count":0,"href":"https:\/\/www.fanselanchalon.fr\/v3\/wp-json\/wp\/v2\/posts\/20424\/revisions"}],"wp:attachment":[{"href":"https:\/\/www.fanselanchalon.fr\/v3\/wp-json\/wp\/v2\/media?parent=20424"}],"wp:term":[{"taxonomy":"category","embeddable":true,"href":"https:\/\/www.fanselanchalon.fr\/v3\/wp-json\/wp\/v2\/categories?post=20424"},{"taxonomy":"post_tag","embeddable":true,"href":"https:\/\/www.fanselanchalon.fr\/v3\/wp-json\/wp\/v2\/tags?post=20424"}],"curies":[{"name":"wp","href":"https:\/\/api.w.org\/{rel}","templated":true}]}}